{"id":6470,"date":"2023-11-12T10:26:25","date_gmt":"2023-11-12T10:26:25","guid":{"rendered":"https:\/\/donboscoalex.com\/inaugurazione-presso-la-sede-dellistituto-don-bosco-di-alessandria-della-mostra-eccellenze-italiane\/"},"modified":"2024-01-22T09:17:14","modified_gmt":"2024-01-22T09:17:14","slug":"inaugurazione-presso-la-sede-dellistituto-don-bosco-di-alessandria-della-mostra-eccellenze-italiane","status":"publish","type":"post","link":"https:\/\/donboscoalex.com\/it\/inaugurazione-presso-la-sede-dellistituto-don-bosco-di-alessandria-della-mostra-eccellenze-italiane\/","title":{"rendered":"Inaugurazione presso la sede dell\u2019Istituto Don Bosco di Alessandria della mostra \u201cEccellenze italiane."},"content":{"rendered":"\n<p class=\"has-text-align-right\">Figure per Italo Calvino\u201d. L\u2019IIC presenta in riproduzione le tavole di trenta autrici ed autori, che in passato si sono confrontati con le opere di Calvino, illustrandole per i ragazzi. La mostra \u00e8 organizzata in collaborazione con la Bologna Children\u2019s Book Fair\/BolognaFiere, la Regione Emilia-Romagna, la Cooperativa Giannino Stoppani\/Accademia Drosselmeier, l\u2019Istituto Salesiano Don Bosco di Alessandria ed il Console Onorario d\u2019Italia in Alessandria. In occasione dell\u2019inaugurazione della mostra saranno premiati gli studenti di italiano, vincitori del concorso L\u2019italiano e la sostenibilit\u00e0, bandito dal Maeci e dedicato anche ad Italo Calvino.<br\/>Luned\u00ec 16 ottobre \u2013 ore 12:00 \u2013 Istituto Salesiano Don Bosco, Sherif Street, 99 \u2013 Alessandria.<br\/>*La mostra rester\u00e0 aperta dal luned\u00ec al sabato (venerd\u00ec escluso), dalle ore 9 alle ore 13, fino al 21 ottobre 2023 .<\/p>\n\n<figure class=\"wp-block-gallery has-nested-images columns-default is-cropped wp-block-gallery-1 is-layout-flex wp-block-gallery-is-layout-flex\">\n<figure class=\"wp-block-image size-large\"><img loading=\"lazy\" decoding=\"async\" width=\"768\" height=\"1024\" data-id=\"6432\" src=\"https:\/\/donboscoalex.com\/wp-content\/uploads\/2023\/11\/WhatsApp-Image-2023-11-08-at-2.24.24-PM-3.jpeg\" alt=\"\" class=\"wp-image-6432\" srcset=\"https:\/\/donboscoalex.com\/wp-content\/uploads\/2023\/11\/WhatsApp-Image-2023-11-08-at-2.24.24-PM-3.jpeg 768w, https:\/\/donboscoalex.com\/wp-content\/uploads\/2023\/11\/WhatsApp-Image-2023-11-08-at-2.24.24-PM-3-225x300.jpeg 225w\" sizes=\"auto, (max-width: 768px) 100vw, 768px\" \/><\/figure>\n\n\n\n<figure class=\"wp-block-image size-large\"><img loading=\"lazy\" decoding=\"async\" width=\"576\" height=\"1024\" data-id=\"6436\" src=\"https:\/\/donboscoalex.com\/wp-content\/uploads\/2023\/11\/WhatsApp-Image-2023-11-08-at-2.24.24-PM-4.jpeg\" alt=\"\" class=\"wp-image-6436\" srcset=\"https:\/\/donboscoalex.com\/wp-content\/uploads\/2023\/11\/WhatsApp-Image-2023-11-08-at-2.24.24-PM-4.jpeg 576w, https:\/\/donboscoalex.com\/wp-content\/uploads\/2023\/11\/WhatsApp-Image-2023-11-08-at-2.24.24-PM-4-169x300.jpeg 169w\" sizes=\"auto, (max-width: 576px) 100vw, 576px\" \/><\/figure>\n\n\n\n<figure class=\"wp-block-image size-large\"><img loading=\"lazy\" decoding=\"async\" width=\"550\" height=\"550\" data-id=\"6440\" src=\"https:\/\/donboscoalex.com\/wp-content\/uploads\/2023\/11\/WhatsApp-Image-2023-11-08-at-2.24.24-PM-5.jpeg\" alt=\"\" class=\"wp-image-6440\" srcset=\"https:\/\/donboscoalex.com\/wp-content\/uploads\/2023\/11\/WhatsApp-Image-2023-11-08-at-2.24.24-PM-5.jpeg 550w, https:\/\/donboscoalex.com\/wp-content\/uploads\/2023\/11\/WhatsApp-Image-2023-11-08-at-2.24.24-PM-5-300x300.jpeg 300w, https:\/\/donboscoalex.com\/wp-content\/uploads\/2023\/11\/WhatsApp-Image-2023-11-08-at-2.24.24-PM-5-150x150.jpeg 150w, https:\/\/donboscoalex.com\/wp-content\/uploads\/2023\/11\/WhatsApp-Image-2023-11-08-at-2.24.24-PM-5-400x400.jpeg 400w\" sizes=\"auto, (max-width: 550px) 100vw, 550px\" \/><\/figure>\n\n\n\n<figure class=\"wp-block-image size-large\"><img loading=\"lazy\" decoding=\"async\" width=\"1024\" height=\"768\" data-id=\"6444\" src=\"https:\/\/donboscoalex.com\/wp-content\/uploads\/2023\/11\/WhatsApp-Image-2023-11-08-at-2.24.24-PM.jpeg\" alt=\"\" class=\"wp-image-6444\" srcset=\"https:\/\/donboscoalex.com\/wp-content\/uploads\/2023\/11\/WhatsApp-Image-2023-11-08-at-2.24.24-PM.jpeg 1024w, https:\/\/donboscoalex.com\/wp-content\/uploads\/2023\/11\/WhatsApp-Image-2023-11-08-at-2.24.24-PM-300x225.jpeg 300w, https:\/\/donboscoalex.com\/wp-content\/uploads\/2023\/11\/WhatsApp-Image-2023-11-08-at-2.24.24-PM-768x576.jpeg 768w\" sizes=\"auto, (max-width: 1024px) 100vw, 1024px\" \/><\/figure>\n\n\n\n<figure class=\"wp-block-image size-large\"><img loading=\"lazy\" decoding=\"async\" width=\"1024\" height=\"768\" data-id=\"6464\" src=\"https:\/\/donboscoalex.com\/wp-content\/uploads\/2023\/11\/WhatsApp-Image-2023-11-08-at-2.24.23-PM-2.jpeg\" alt=\"\" class=\"wp-image-6464\" srcset=\"https:\/\/donboscoalex.com\/wp-content\/uploads\/2023\/11\/WhatsApp-Image-2023-11-08-at-2.24.23-PM-2.jpeg 1024w, https:\/\/donboscoalex.com\/wp-content\/uploads\/2023\/11\/WhatsApp-Image-2023-11-08-at-2.24.23-PM-2-300x225.jpeg 300w, https:\/\/donboscoalex.com\/wp-content\/uploads\/2023\/11\/WhatsApp-Image-2023-11-08-at-2.24.23-PM-2-768x576.jpeg 768w\" sizes=\"auto, (max-width: 1024px) 100vw, 1024px\" \/><\/figure>\n\n\n\n<figure class=\"wp-block-image size-large\"><img loading=\"lazy\" decoding=\"async\" width=\"1024\" height=\"768\" data-id=\"6460\" src=\"https:\/\/donboscoalex.com\/wp-content\/uploads\/2023\/11\/WhatsApp-Image-2023-11-08-at-2.24.24-PM-2.jpeg\" alt=\"\" class=\"wp-image-6460\" srcset=\"https:\/\/donboscoalex.com\/wp-content\/uploads\/2023\/11\/WhatsApp-Image-2023-11-08-at-2.24.24-PM-2.jpeg 1024w, https:\/\/donboscoalex.com\/wp-content\/uploads\/2023\/11\/WhatsApp-Image-2023-11-08-at-2.24.24-PM-2-300x225.jpeg 300w, https:\/\/donboscoalex.com\/wp-content\/uploads\/2023\/11\/WhatsApp-Image-2023-11-08-at-2.24.24-PM-2-768x576.jpeg 768w\" sizes=\"auto, (max-width: 1024px) 100vw, 1024px\" \/><\/figure>\n\n\n\n<figure class=\"wp-block-image size-large\"><img loading=\"lazy\" decoding=\"async\" width=\"1024\" height=\"768\" data-id=\"6456\" src=\"https:\/\/donboscoalex.com\/wp-content\/uploads\/2023\/11\/WhatsApp-Image-2023-11-08-at-2.24.24-PM-1.jpeg\" alt=\"\" class=\"wp-image-6456\" srcset=\"https:\/\/donboscoalex.com\/wp-content\/uploads\/2023\/11\/WhatsApp-Image-2023-11-08-at-2.24.24-PM-1.jpeg 1024w, https:\/\/donboscoalex.com\/wp-content\/uploads\/2023\/11\/WhatsApp-Image-2023-11-08-at-2.24.24-PM-1-300x225.jpeg 300w, https:\/\/donboscoalex.com\/wp-content\/uploads\/2023\/11\/WhatsApp-Image-2023-11-08-at-2.24.24-PM-1-768x576.jpeg 768w\" sizes=\"auto, (max-width: 1024px) 100vw, 1024px\" \/><\/figure>\n\n\n\n<figure class=\"wp-block-image size-large\"><img loading=\"lazy\" decoding=\"async\" width=\"1024\" height=\"768\" data-id=\"6452\" src=\"https:\/\/donboscoalex.com\/wp-content\/uploads\/2023\/11\/WhatsApp-Image-2023-11-08-at-2.24.23-PM.jpeg\" alt=\"\" class=\"wp-image-6452\" srcset=\"https:\/\/donboscoalex.com\/wp-content\/uploads\/2023\/11\/WhatsApp-Image-2023-11-08-at-2.24.23-PM.jpeg 1024w, https:\/\/donboscoalex.com\/wp-content\/uploads\/2023\/11\/WhatsApp-Image-2023-11-08-at-2.24.23-PM-300x225.jpeg 300w, https:\/\/donboscoalex.com\/wp-content\/uploads\/2023\/11\/WhatsApp-Image-2023-11-08-at-2.24.23-PM-768x576.jpeg 768w\" sizes=\"auto, (max-width: 1024px) 100vw, 1024px\" \/><\/figure>\n\n\n\n<figure class=\"wp-block-image size-large\"><img loading=\"lazy\" decoding=\"async\" width=\"1024\" height=\"768\" data-id=\"6448\" src=\"https:\/\/donboscoalex.com\/wp-content\/uploads\/2023\/11\/WhatsApp-Image-2023-11-08-at-2.24.23-PM-1.jpeg\" alt=\"\" class=\"wp-image-6448\" srcset=\"https:\/\/donboscoalex.com\/wp-content\/uploads\/2023\/11\/WhatsApp-Image-2023-11-08-at-2.24.23-PM-1.jpeg 1024w, https:\/\/donboscoalex.com\/wp-content\/uploads\/2023\/11\/WhatsApp-Image-2023-11-08-at-2.24.23-PM-1-300x225.jpeg 300w, https:\/\/donboscoalex.com\/wp-content\/uploads\/2023\/11\/WhatsApp-Image-2023-11-08-at-2.24.23-PM-1-768x576.jpeg 768w\" sizes=\"auto, (max-width: 1024px) 100vw, 1024px\" \/><\/figure>\n<\/figure>\n","protected":false},"excerpt":{"rendered":"<p>Inaugurazione presso la sede dell\u2019Istituto Don Bosco di Alessandria della mostra \u201cEccellenze italiane.<\/p>\n","protected":false},"author":3,"featured_media":6467,"comment_status":"open","ping_status":"open","sticky":false,"template":"","format":"standard","meta":{"site-sidebar-layout":"default","site-content-layout":"","ast-site-content-layout":"default","site-content-style":"default","site-sidebar-style":"default","ast-global-header-display":"","ast-banner-title-visibility":"","ast-main-header-display":"","ast-hfb-above-header-display":"","ast-hfb-below-header-display":"","ast-hfb-mobile-header-display":"","site-post-title":"","ast-breadcrumbs-content":"","ast-featured-img":"","footer-sml-layout":"","theme-transparent-header-meta":"","adv-header-id-meta":"","stick-header-meta":"","header-above-stick-meta":"","header-main-stick-meta":"","header-below-stick-meta":"","astra-migrate-meta-layouts":"set","ast-page-background-enabled":"default","ast-page-background-meta":{"desktop":{"background-color":"var(--ast-global-color-4)","background-image":"","background-repeat":"repeat","background-position":"center center","background-size":"auto","background-attachment":"scroll","background-type":"","background-media":"","overlay-type":"","overlay-color":"","overlay-gradient":""},"tablet":{"background-color":"","background-image":"","background-repeat":"repeat","background-position":"center center","background-size":"auto","background-attachment":"scroll","background-type":"","background-media":"","overlay-type":"","overlay-color":"","overlay-gradient":""},"mobile":{"background-color":"","background-image":"","background-repeat":"repeat","background-position":"center center","background-size":"auto","background-attachment":"scroll","background-type":"","background-media":"","overlay-type":"","overlay-color":"","overlay-gradient":""}},"ast-content-background-meta":{"desktop":{"background-color":"var(--ast-global-color-5)","background-image":"","background-repeat":"repeat","background-position":"center center","background-size":"auto","background-attachment":"scroll","background-type":"","background-media":"","overlay-type":"","overlay-color":"","overlay-gradient":""},"tablet":{"background-color":"var(--ast-global-color-5)","background-image":"","background-repeat":"repeat","background-position":"center center","background-size":"auto","background-attachment":"scroll","background-type":"","background-media":"","overlay-type":"","overlay-color":"","overlay-gradient":""},"mobile":{"background-color":"var(--ast-global-color-5)","background-image":"","background-repeat":"repeat","background-position":"center center","background-size":"auto","background-attachment":"scroll","background-type":"","background-media":"","overlay-type":"","overlay-color":"","overlay-gradient":""}},"footnotes":""},"categories":[86,85],"tags":[],"class_list":["post-6470","post","type-post","status-publish","format-standard","has-post-thumbnail","hentry","category-announcement-it","category-news-it"],"yoast_head":"<!-- This site is optimized with the Yoast SEO plugin v21.6 - https:\/\/yoast.com\/wordpress\/plugins\/seo\/ -->\n<title>Inaugurazione presso la sede dell\u2019Istituto Don Bosco di Alessandria della mostra \u201cEccellenze italiane. - \u062f\u0648\u0646 \u0628\u0648\u0633\u0643\u0648 \u0627\u0644\u0623\u0633\u0643\u0646\u062f\u0631\u064a\u0629<\/title>\n<meta name=\"robots\" content=\"index, follow, max-snippet:-1, max-image-preview:large, max-video-preview:-1\" \/>\n<link rel=\"canonical\" href=\"https:\/\/donboscoalex.com\/it\/inaugurazione-presso-la-sede-dellistituto-don-bosco-di-alessandria-della-mostra-eccellenze-italiane\/\" \/>\n<meta property=\"og:locale\" content=\"it_IT\" \/>\n<meta property=\"og:type\" content=\"article\" \/>\n<meta property=\"og:title\" content=\"Inaugurazione presso la sede dell\u2019Istituto Don Bosco di Alessandria della mostra \u201cEccellenze italiane. - \u062f\u0648\u0646 \u0628\u0648\u0633\u0643\u0648 \u0627\u0644\u0623\u0633\u0643\u0646\u062f\u0631\u064a\u0629\" \/>\n<meta property=\"og:description\" content=\"Inaugurazione presso la sede dell\u2019Istituto Don Bosco di Alessandria della mostra \u201cEccellenze italiane.\" \/>\n<meta property=\"og:url\" content=\"https:\/\/donboscoalex.com\/it\/inaugurazione-presso-la-sede-dellistituto-don-bosco-di-alessandria-della-mostra-eccellenze-italiane\/\" \/>\n<meta property=\"og:site_name\" content=\"\u062f\u0648\u0646 \u0628\u0648\u0633\u0643\u0648 \u0627\u0644\u0623\u0633\u0643\u0646\u062f\u0631\u064a\u0629\" \/>\n<meta property=\"article:published_time\" content=\"2023-11-12T10:26:25+00:00\" \/>\n<meta property=\"article:modified_time\" content=\"2024-01-22T09:17:14+00:00\" \/>\n<meta property=\"og:image\" content=\"https:\/\/donboscoalex.com\/wp-content\/uploads\/2023\/11\/WhatsApp-Image-2023-11-08-at-2.24.23-PM-2.jpeg\" \/>\n\t<meta property=\"og:image:width\" content=\"1024\" \/>\n\t<meta property=\"og:image:height\" content=\"768\" \/>\n\t<meta property=\"og:image:type\" content=\"image\/jpeg\" \/>\n<meta name=\"author\" content=\"Admin\" \/>\n<meta name=\"twitter:card\" content=\"summary_large_image\" \/>\n<meta name=\"twitter:label1\" content=\"Scritto da\" \/>\n\t<meta name=\"twitter:data1\" content=\"Admin\" \/>\n\t<meta name=\"twitter:label2\" content=\"Tempo di lettura stimato\" \/>\n\t<meta name=\"twitter:data2\" content=\"3 minuti\" \/>\n<script type=\"application\/ld+json\" class=\"yoast-schema-graph\">{\"@context\":\"https:\/\/schema.org\",\"@graph\":[{\"@type\":\"Article\",\"@id\":\"https:\/\/donboscoalex.com\/it\/inaugurazione-presso-la-sede-dellistituto-don-bosco-di-alessandria-della-mostra-eccellenze-italiane\/#article\",\"isPartOf\":{\"@id\":\"https:\/\/donboscoalex.com\/it\/inaugurazione-presso-la-sede-dellistituto-don-bosco-di-alessandria-della-mostra-eccellenze-italiane\/\"},\"author\":{\"name\":\"Admin\",\"@id\":\"https:\/\/donboscoalex.com\/it\/#\/schema\/person\/09dfa14c08c045bcbdb9f7e03fe15dfb\"},\"headline\":\"Inaugurazione presso la sede dell\u2019Istituto Don Bosco di Alessandria della mostra \u201cEccellenze italiane.\",\"datePublished\":\"2023-11-12T10:26:25+00:00\",\"dateModified\":\"2024-01-22T09:17:14+00:00\",\"mainEntityOfPage\":{\"@id\":\"https:\/\/donboscoalex.com\/it\/inaugurazione-presso-la-sede-dellistituto-don-bosco-di-alessandria-della-mostra-eccellenze-italiane\/\"},\"wordCount\":138,\"commentCount\":0,\"publisher\":{\"@id\":\"https:\/\/donboscoalex.com\/it\/#organization\"},\"articleSection\":[\"announcement-it\",\"news-it\"],\"inLanguage\":\"it-IT\",\"potentialAction\":[{\"@type\":\"CommentAction\",\"name\":\"Comment\",\"target\":[\"https:\/\/donboscoalex.com\/it\/inaugurazione-presso-la-sede-dellistituto-don-bosco-di-alessandria-della-mostra-eccellenze-italiane\/#respond\"]}]},{\"@type\":\"WebPage\",\"@id\":\"https:\/\/donboscoalex.com\/it\/inaugurazione-presso-la-sede-dellistituto-don-bosco-di-alessandria-della-mostra-eccellenze-italiane\/\",\"url\":\"https:\/\/donboscoalex.com\/it\/inaugurazione-presso-la-sede-dellistituto-don-bosco-di-alessandria-della-mostra-eccellenze-italiane\/\",\"name\":\"Inaugurazione presso la sede dell\u2019Istituto Don Bosco di Alessandria della mostra \u201cEccellenze italiane. - \u062f\u0648\u0646 \u0628\u0648\u0633\u0643\u0648 \u0627\u0644\u0623\u0633\u0643\u0646\u062f\u0631\u064a\u0629\",\"isPartOf\":{\"@id\":\"https:\/\/donboscoalex.com\/it\/#website\"},\"datePublished\":\"2023-11-12T10:26:25+00:00\",\"dateModified\":\"2024-01-22T09:17:14+00:00\",\"breadcrumb\":{\"@id\":\"https:\/\/donboscoalex.com\/it\/inaugurazione-presso-la-sede-dellistituto-don-bosco-di-alessandria-della-mostra-eccellenze-italiane\/#breadcrumb\"},\"inLanguage\":\"it-IT\",\"potentialAction\":[{\"@type\":\"ReadAction\",\"target\":[\"https:\/\/donboscoalex.com\/it\/inaugurazione-presso-la-sede-dellistituto-don-bosco-di-alessandria-della-mostra-eccellenze-italiane\/\"]}]},{\"@type\":\"BreadcrumbList\",\"@id\":\"https:\/\/donboscoalex.com\/it\/inaugurazione-presso-la-sede-dellistituto-don-bosco-di-alessandria-della-mostra-eccellenze-italiane\/#breadcrumb\",\"itemListElement\":[{\"@type\":\"ListItem\",\"position\":1,\"name\":\"Home\",\"item\":\"https:\/\/donboscoalex.com\/it\/\"},{\"@type\":\"ListItem\",\"position\":2,\"name\":\"Inaugurazione presso la sede dell\u2019Istituto Don Bosco di Alessandria della mostra \u201cEccellenze italiane.\"}]},{\"@type\":\"WebSite\",\"@id\":\"https:\/\/donboscoalex.com\/it\/#website\",\"url\":\"https:\/\/donboscoalex.com\/it\/\",\"name\":\"\u062f\u0648\u0646 \u0628\u0648\u0633\u0643\u0648 \u0627\u0644\u0623\u0633\u0643\u0646\u062f\u0631\u064a\u0629\",\"description\":\"Just another WordPress site\",\"publisher\":{\"@id\":\"https:\/\/donboscoalex.com\/it\/#organization\"},\"potentialAction\":[{\"@type\":\"SearchAction\",\"target\":{\"@type\":\"EntryPoint\",\"urlTemplate\":\"https:\/\/donboscoalex.com\/it\/?s={search_term_string}\"},\"query-input\":\"required name=search_term_string\"}],\"inLanguage\":\"it-IT\"},{\"@type\":\"Organization\",\"@id\":\"https:\/\/donboscoalex.com\/it\/#organization\",\"name\":\"\u062f\u0648\u0646 \u0628\u0648\u0633\u0643\u0648 \u0627\u0644\u0623\u0633\u0643\u0646\u062f\u0631\u064a\u0629\",\"url\":\"https:\/\/donboscoalex.com\/it\/\",\"logo\":{\"@type\":\"ImageObject\",\"inLanguage\":\"it-IT\",\"@id\":\"https:\/\/donboscoalex.com\/it\/#\/schema\/logo\/image\/\",\"url\":\"https:\/\/donboscoalex.com\/wp-content\/uploads\/2023\/10\/Group-2060.png\",\"contentUrl\":\"https:\/\/donboscoalex.com\/wp-content\/uploads\/2023\/10\/Group-2060.png\",\"width\":353,\"height\":94,\"caption\":\"\u062f\u0648\u0646 \u0628\u0648\u0633\u0643\u0648 \u0627\u0644\u0623\u0633\u0643\u0646\u062f\u0631\u064a\u0629\"},\"image\":{\"@id\":\"https:\/\/donboscoalex.com\/it\/#\/schema\/logo\/image\/\"}},{\"@type\":\"Person\",\"@id\":\"https:\/\/donboscoalex.com\/it\/#\/schema\/person\/09dfa14c08c045bcbdb9f7e03fe15dfb\",\"name\":\"Admin\",\"image\":{\"@type\":\"ImageObject\",\"inLanguage\":\"it-IT\",\"@id\":\"https:\/\/donboscoalex.com\/it\/#\/schema\/person\/image\/\",\"url\":\"https:\/\/secure.gravatar.com\/avatar\/c9bcfd550a363b61e9c6ea768c569c4de3b1b36a594667b997ede1fd6f46cc88?s=96&d=mm&r=g\",\"contentUrl\":\"https:\/\/secure.gravatar.com\/avatar\/c9bcfd550a363b61e9c6ea768c569c4de3b1b36a594667b997ede1fd6f46cc88?s=96&d=mm&r=g\",\"caption\":\"Admin\"},\"url\":\"https:\/\/donboscoalex.com\/it\/author\/xlabadmin\/\"}]}<\/script>\n<!-- \/ Yoast SEO plugin. -->","yoast_head_json":{"title":"Inaugurazione presso la sede dell\u2019Istituto Don Bosco di Alessandria della mostra \u201cEccellenze italiane. - \u062f\u0648\u0646 \u0628\u0648\u0633\u0643\u0648 \u0627\u0644\u0623\u0633\u0643\u0646\u062f\u0631\u064a\u0629","robots":{"index":"index","follow":"follow","max-snippet":"max-snippet:-1","max-image-preview":"max-image-preview:large","max-video-preview":"max-video-preview:-1"},"canonical":"https:\/\/donboscoalex.com\/it\/inaugurazione-presso-la-sede-dellistituto-don-bosco-di-alessandria-della-mostra-eccellenze-italiane\/","og_locale":"it_IT","og_type":"article","og_title":"Inaugurazione presso la sede dell\u2019Istituto Don Bosco di Alessandria della mostra \u201cEccellenze italiane. - \u062f\u0648\u0646 \u0628\u0648\u0633\u0643\u0648 \u0627\u0644\u0623\u0633\u0643\u0646\u062f\u0631\u064a\u0629","og_description":"Inaugurazione presso la sede dell\u2019Istituto Don Bosco di Alessandria della mostra \u201cEccellenze italiane.","og_url":"https:\/\/donboscoalex.com\/it\/inaugurazione-presso-la-sede-dellistituto-don-bosco-di-alessandria-della-mostra-eccellenze-italiane\/","og_site_name":"\u062f\u0648\u0646 \u0628\u0648\u0633\u0643\u0648 \u0627\u0644\u0623\u0633\u0643\u0646\u062f\u0631\u064a\u0629","article_published_time":"2023-11-12T10:26:25+00:00","article_modified_time":"2024-01-22T09:17:14+00:00","og_image":[{"width":1024,"height":768,"url":"https:\/\/donboscoalex.com\/wp-content\/uploads\/2023\/11\/WhatsApp-Image-2023-11-08-at-2.24.23-PM-2.jpeg","type":"image\/jpeg"}],"author":"Admin","twitter_card":"summary_large_image","twitter_misc":{"Scritto da":"Admin","Tempo di lettura stimato":"3 minuti"},"schema":{"@context":"https:\/\/schema.org","@graph":[{"@type":"Article","@id":"https:\/\/donboscoalex.com\/it\/inaugurazione-presso-la-sede-dellistituto-don-bosco-di-alessandria-della-mostra-eccellenze-italiane\/#article","isPartOf":{"@id":"https:\/\/donboscoalex.com\/it\/inaugurazione-presso-la-sede-dellistituto-don-bosco-di-alessandria-della-mostra-eccellenze-italiane\/"},"author":{"name":"Admin","@id":"https:\/\/donboscoalex.com\/it\/#\/schema\/person\/09dfa14c08c045bcbdb9f7e03fe15dfb"},"headline":"Inaugurazione presso la sede dell\u2019Istituto Don Bosco di Alessandria della mostra \u201cEccellenze italiane.","datePublished":"2023-11-12T10:26:25+00:00","dateModified":"2024-01-22T09:17:14+00:00","mainEntityOfPage":{"@id":"https:\/\/donboscoalex.com\/it\/inaugurazione-presso-la-sede-dellistituto-don-bosco-di-alessandria-della-mostra-eccellenze-italiane\/"},"wordCount":138,"commentCount":0,"publisher":{"@id":"https:\/\/donboscoalex.com\/it\/#organization"},"articleSection":["announcement-it","news-it"],"inLanguage":"it-IT","potentialAction":[{"@type":"CommentAction","name":"Comment","target":["https:\/\/donboscoalex.com\/it\/inaugurazione-presso-la-sede-dellistituto-don-bosco-di-alessandria-della-mostra-eccellenze-italiane\/#respond"]}]},{"@type":"WebPage","@id":"https:\/\/donboscoalex.com\/it\/inaugurazione-presso-la-sede-dellistituto-don-bosco-di-alessandria-della-mostra-eccellenze-italiane\/","url":"https:\/\/donboscoalex.com\/it\/inaugurazione-presso-la-sede-dellistituto-don-bosco-di-alessandria-della-mostra-eccellenze-italiane\/","name":"Inaugurazione presso la sede dell\u2019Istituto Don Bosco di Alessandria della mostra \u201cEccellenze italiane. - \u062f\u0648\u0646 \u0628\u0648\u0633\u0643\u0648 \u0627\u0644\u0623\u0633\u0643\u0646\u062f\u0631\u064a\u0629","isPartOf":{"@id":"https:\/\/donboscoalex.com\/it\/#website"},"datePublished":"2023-11-12T10:26:25+00:00","dateModified":"2024-01-22T09:17:14+00:00","breadcrumb":{"@id":"https:\/\/donboscoalex.com\/it\/inaugurazione-presso-la-sede-dellistituto-don-bosco-di-alessandria-della-mostra-eccellenze-italiane\/#breadcrumb"},"inLanguage":"it-IT","potentialAction":[{"@type":"ReadAction","target":["https:\/\/donboscoalex.com\/it\/inaugurazione-presso-la-sede-dellistituto-don-bosco-di-alessandria-della-mostra-eccellenze-italiane\/"]}]},{"@type":"BreadcrumbList","@id":"https:\/\/donboscoalex.com\/it\/inaugurazione-presso-la-sede-dellistituto-don-bosco-di-alessandria-della-mostra-eccellenze-italiane\/#breadcrumb","itemListElement":[{"@type":"ListItem","position":1,"name":"Home","item":"https:\/\/donboscoalex.com\/it\/"},{"@type":"ListItem","position":2,"name":"Inaugurazione presso la sede dell\u2019Istituto Don Bosco di Alessandria della mostra \u201cEccellenze italiane."}]},{"@type":"WebSite","@id":"https:\/\/donboscoalex.com\/it\/#website","url":"https:\/\/donboscoalex.com\/it\/","name":"\u062f\u0648\u0646 \u0628\u0648\u0633\u0643\u0648 \u0627\u0644\u0623\u0633\u0643\u0646\u062f\u0631\u064a\u0629","description":"Just another WordPress site","publisher":{"@id":"https:\/\/donboscoalex.com\/it\/#organization"},"potentialAction":[{"@type":"SearchAction","target":{"@type":"EntryPoint","urlTemplate":"https:\/\/donboscoalex.com\/it\/?s={search_term_string}"},"query-input":"required name=search_term_string"}],"inLanguage":"it-IT"},{"@type":"Organization","@id":"https:\/\/donboscoalex.com\/it\/#organization","name":"\u062f\u0648\u0646 \u0628\u0648\u0633\u0643\u0648 \u0627\u0644\u0623\u0633\u0643\u0646\u062f\u0631\u064a\u0629","url":"https:\/\/donboscoalex.com\/it\/","logo":{"@type":"ImageObject","inLanguage":"it-IT","@id":"https:\/\/donboscoalex.com\/it\/#\/schema\/logo\/image\/","url":"https:\/\/donboscoalex.com\/wp-content\/uploads\/2023\/10\/Group-2060.png","contentUrl":"https:\/\/donboscoalex.com\/wp-content\/uploads\/2023\/10\/Group-2060.png","width":353,"height":94,"caption":"\u062f\u0648\u0646 \u0628\u0648\u0633\u0643\u0648 \u0627\u0644\u0623\u0633\u0643\u0646\u062f\u0631\u064a\u0629"},"image":{"@id":"https:\/\/donboscoalex.com\/it\/#\/schema\/logo\/image\/"}},{"@type":"Person","@id":"https:\/\/donboscoalex.com\/it\/#\/schema\/person\/09dfa14c08c045bcbdb9f7e03fe15dfb","name":"Admin","image":{"@type":"ImageObject","inLanguage":"it-IT","@id":"https:\/\/donboscoalex.com\/it\/#\/schema\/person\/image\/","url":"https:\/\/secure.gravatar.com\/avatar\/c9bcfd550a363b61e9c6ea768c569c4de3b1b36a594667b997ede1fd6f46cc88?s=96&d=mm&r=g","contentUrl":"https:\/\/secure.gravatar.com\/avatar\/c9bcfd550a363b61e9c6ea768c569c4de3b1b36a594667b997ede1fd6f46cc88?s=96&d=mm&r=g","caption":"Admin"},"url":"https:\/\/donboscoalex.com\/it\/author\/xlabadmin\/"}]}},"_links":{"self":[{"href":"https:\/\/donboscoalex.com\/it\/wp-json\/wp\/v2\/posts\/6470","targetHints":{"allow":["GET"]}}],"collection":[{"href":"https:\/\/donboscoalex.com\/it\/wp-json\/wp\/v2\/posts"}],"about":[{"href":"https:\/\/donboscoalex.com\/it\/wp-json\/wp\/v2\/types\/post"}],"author":[{"embeddable":true,"href":"https:\/\/donboscoalex.com\/it\/wp-json\/wp\/v2\/users\/3"}],"replies":[{"embeddable":true,"href":"https:\/\/donboscoalex.com\/it\/wp-json\/wp\/v2\/comments?post=6470"}],"version-history":[{"count":2,"href":"https:\/\/donboscoalex.com\/it\/wp-json\/wp\/v2\/posts\/6470\/revisions"}],"predecessor-version":[{"id":7846,"href":"https:\/\/donboscoalex.com\/it\/wp-json\/wp\/v2\/posts\/6470\/revisions\/7846"}],"wp:featuredmedia":[{"embeddable":true,"href":"https:\/\/donboscoalex.com\/it\/wp-json\/wp\/v2\/media\/6467"}],"wp:attachment":[{"href":"https:\/\/donboscoalex.com\/it\/wp-json\/wp\/v2\/media?parent=6470"}],"wp:term":[{"taxonomy":"category","embeddable":true,"href":"https:\/\/donboscoalex.com\/it\/wp-json\/wp\/v2\/categories?post=6470"},{"taxonomy":"post_tag","embeddable":true,"href":"https:\/\/donboscoalex.com\/it\/wp-json\/wp\/v2\/tags?post=6470"}],"curies":[{"name":"wp","href":"https:\/\/api.w.org\/{rel}","templated":true}]}}